{"id":594,"date":"2024-02-02T01:44:54","date_gmt":"2024-02-01T22:44:54","guid":{"rendered":"https:\/\/secgin.net\/?p=594"},"modified":"2024-05-01T01:46:15","modified_gmt":"2024-04-30T22:46:15","slug":"apple-vision-pro-yeni-nesil-goruntu-isleme-teknolojisi","status":"publish","type":"post","link":"https:\/\/secgin.net\/index.php\/2024\/02\/02\/apple-vision-pro-yeni-nesil-goruntu-isleme-teknolojisi\/","title":{"rendered":"Apple Vision Pro: Yeni Nesil G\u00f6r\u00fcnt\u00fc \u0130\u015fleme Teknolojisi"},"content":{"rendered":"\n<p>Apple, teknoloji d\u00fcnyas\u0131nda bir kez daha devrim yaratacak yeni bir \u00fcr\u00fcnle kar\u015f\u0131m\u0131zda: Apple Vision Pro. Bu yenilik\u00e7i g\u00f6r\u00fcnt\u00fc i\u015fleme teknolojisi, kullan\u0131c\u0131lara benzersiz bir deneyim sunmay\u0131 hedefliyor.<\/p>\n\n\n\n<p>Apple Vision Pro&#8217;nun temel \u00f6zellikleri aras\u0131nda y\u00fcksek \u00e7\u00f6z\u00fcn\u00fcrl\u00fckl\u00fc g\u00f6r\u00fcnt\u00fc yakalama, geli\u015fmi\u015f renk do\u011frulu\u011fu ve keskinlik, derinlik alg\u0131lamas\u0131 ve daha fazlas\u0131 bulunmaktad\u0131r. Bu teknoloji, foto\u011fraf ve video \u00e7ekimlerinde profesyonel d\u00fczeyde sonu\u00e7lar elde etmek isteyen kullan\u0131c\u0131lar i\u00e7in ideal bir se\u00e7enek sunuyor.<\/p>\n\n\n\n<p>Ayr\u0131ca, Apple Vision Pro&#8217;nun yapay zeka destekli \u00f6zellikleri, kullan\u0131c\u0131lar\u0131n \u00e7ekimlerini otomatik olarak iyile\u015ftirmelerine ve en iyi sonu\u00e7lar\u0131 elde etmelerine yard\u0131mc\u0131 oluyor. Ak\u0131ll\u0131 sahneleri tan\u0131ma, y\u00fcz alg\u0131lama ve portre modu gibi \u00f6zellikler, kullan\u0131c\u0131lar\u0131n \u00e7ekimlerini daha da geli\u015ftirmelerine olanak tan\u0131yor.<\/p>\n\n\n\n<p>Apple Vision Pro, hem profesyonel foto\u011fraf\u00e7\u0131lar hem de g\u00fcnl\u00fck kullan\u0131c\u0131lar i\u00e7in inovasyon ve yarat\u0131c\u0131l\u0131\u011f\u0131 bir araya getiren bir teknoloji olarak \u00f6ne \u00e7\u0131k\u0131yor. Bu yeni nesil g\u00f6r\u00fcnt\u00fc i\u015fleme teknolojisi, Apple&#8217;\u0131n yenilik\u00e7i ruhunu ve kalitesini bir kez daha kan\u0131tl\u0131yor.<\/p>\n","protected":false},"excerpt":{"rendered":"<p>Apple, teknoloji d\u00fcnyas\u0131nda bir kez daha devrim yaratacak yeni bir \u00fcr\u00fcnle kar\u015f\u0131m\u0131zda: Apple Vision Pro. Bu yenilik\u00e7i g\u00f6r\u00fcnt\u00fc i\u015fleme teknolojisi,&#8230;<\/p>\n","protected":false},"author":1,"featured_media":597,"comment_status":"open","ping_status":"open","sticky":false,"template":"","format":"standard","meta":{"footnotes":""},"categories":[1],"tags":[],"class_list":["post-594","post","type-post","status-publish","format-standard","has-post-thumbnail","hentry","category-post"],"acf":[],"_links":{"self":[{"href":"https:\/\/secgin.net\/index.php\/wp-json\/wp\/v2\/posts\/594","targetHints":{"allow":["GET"]}}],"collection":[{"href":"https:\/\/secgin.net\/index.php\/wp-json\/wp\/v2\/posts"}],"about":[{"href":"https:\/\/secgin.net\/index.php\/wp-json\/wp\/v2\/types\/post"}],"author":[{"embeddable":true,"href":"https:\/\/secgin.net\/index.php\/wp-json\/wp\/v2\/users\/1"}],"replies":[{"embeddable":true,"href":"https:\/\/secgin.net\/index.php\/wp-json\/wp\/v2\/comments?post=594"}],"version-history":[{"count":2,"href":"https:\/\/secgin.net\/index.php\/wp-json\/wp\/v2\/posts\/594\/revisions"}],"predecessor-version":[{"id":596,"href":"https:\/\/secgin.net\/index.php\/wp-json\/wp\/v2\/posts\/594\/revisions\/596"}],"wp:featuredmedia":[{"embeddable":true,"href":"https:\/\/secgin.net\/index.php\/wp-json\/wp\/v2\/media\/597"}],"wp:attachment":[{"href":"https:\/\/secgin.net\/index.php\/wp-json\/wp\/v2\/media?parent=594"}],"wp:term":[{"taxonomy":"category","embeddable":true,"href":"https:\/\/secgin.net\/index.php\/wp-json\/wp\/v2\/categories?post=594"},{"taxonomy":"post_tag","embeddable":true,"href":"https:\/\/secgin.net\/index.php\/wp-json\/wp\/v2\/tags?post=594"}],"curies":[{"name":"wp","href":"https:\/\/api.w.org\/{rel}","templated":true}]}}